{"id":104,"date":"2014-10-28T20:10:46","date_gmt":"2014-10-28T20:10:46","guid":{"rendered":"http:\/\/urselnendzig.at\/?p=104"},"modified":"2019-09-05T12:46:28","modified_gmt":"2019-09-05T12:46:28","slug":"trauerredner","status":"publish","type":"post","link":"http:\/\/urselnendzig.at\/?p=104","title":{"rendered":"Trauerredner"},"content":{"rendered":"<p>In der aktuellen <a title=\"maxima\" href=\"http:\/\/www.maxima.at\" target=\"_blank\">maxima <\/a>ist mein Portrait \u00fcber den Trauerredner Carl. Ich freue mich sehr \u00fcber die Geschichte, erstens ist Carl einfach ein leiwander Kerl und gro\u00dfartiger Schauspieler, zweitens das Layout wirklich sehr gelungen und drittens die Bilder von meinem Lieblingsfotografen Stefan Knittel. Tsch\u00e4ckitout!<\/p>\n","protected":false},"excerpt":{"rendered":"<p>In der aktuellen maxima ist mein Portrait \u00fcber den Trauerredner Carl. Ich freue mich sehr \u00fcber die Geschichte, erstens ist Carl einfach ein leiwander Kerl und gro\u00dfartiger Schauspieler, zweitens das Layout wirklich sehr gelungen und drittens die Bilder von meinem Lieblingsfotografen Stefan Knittel. Tsch\u00e4ckitout!<\/p>\n","protected":false},"author":1,"featured_media":105,"comment_status":"closed","ping_status":"closed","sticky":false,"template":"","format":"standard","meta":{"footnotes":""},"categories":[7],"tags":[],"class_list":["post-104","post","type-post","status-publish","format-standard","has-post-thumbnail","hentry","category-erschienen"],"_links":{"self":[{"href":"http:\/\/urselnendzig.at\/index.php?rest_route=\/wp\/v2\/posts\/104","targetHints":{"allow":["GET"]}}],"collection":[{"href":"http:\/\/urselnendzig.at\/index.php?rest_route=\/wp\/v2\/posts"}],"about":[{"href":"http:\/\/urselnendzig.at\/index.php?rest_route=\/wp\/v2\/types\/post"}],"author":[{"embeddable":true,"href":"http:\/\/urselnendzig.at\/index.php?rest_route=\/wp\/v2\/users\/1"}],"replies":[{"embeddable":true,"href":"http:\/\/urselnendzig.at\/index.php?rest_route=%2Fwp%2Fv2%2Fcomments&post=104"}],"version-history":[{"count":7,"href":"http:\/\/urselnendzig.at\/index.php?rest_route=\/wp\/v2\/posts\/104\/revisions"}],"predecessor-version":[{"id":112,"href":"http:\/\/urselnendzig.at\/index.php?rest_route=\/wp\/v2\/posts\/104\/revisions\/112"}],"wp:featuredmedia":[{"embeddable":true,"href":"http:\/\/urselnendzig.at\/index.php?rest_route=\/wp\/v2\/media\/105"}],"wp:attachment":[{"href":"http:\/\/urselnendzig.at\/index.php?rest_route=%2Fwp%2Fv2%2Fmedia&parent=104"}],"wp:term":[{"taxonomy":"category","embeddable":true,"href":"http:\/\/urselnendzig.at\/index.php?rest_route=%2Fwp%2Fv2%2Fcategories&post=104"},{"taxonomy":"post_tag","embeddable":true,"href":"http:\/\/urselnendzig.at\/index.php?rest_route=%2Fwp%2Fv2%2Ftags&post=104"}],"curies":[{"name":"wp","href":"https:\/\/api.w.org\/{rel}","templated":true}]}}