{"id":12476,"date":"2025-11-26T14:56:28","date_gmt":"2025-11-26T14:56:28","guid":{"rendered":"http:\/\/urselnendzig.at\/?p=12476"},"modified":"2025-11-26T15:22:06","modified_gmt":"2025-11-26T15:22:06","slug":"sag-mal","status":"publish","type":"post","link":"http:\/\/urselnendzig.at\/?p=12476","title":{"rendered":"Sag mal, &#8230;"},"content":{"rendered":"\n<p>geht\u00b4s noch!?!?<\/p>\n\n\n\n<figure class=\"wp-block-image size-full is-resized\"><a href=\"http:\/\/urselnendzig.at\/blog\/wp-content\/uploads\/buch3i.jpg\"><img loading=\"lazy\" decoding=\"async\" width=\"724\" height=\"483\" src=\"http:\/\/urselnendzig.at\/blog\/wp-content\/uploads\/buch3i.jpg\" alt=\"\" class=\"wp-image-12486\" style=\"width:725px;height:auto\" srcset=\"http:\/\/urselnendzig.at\/blog\/wp-content\/uploads\/buch3i.jpg 724w, http:\/\/urselnendzig.at\/blog\/wp-content\/uploads\/buch3i-300x200.jpg 300w\" sizes=\"auto, (max-width: 724px) 100vw, 724px\" \/><\/a><\/figure>\n\n\n\n<p>Gemeinsam mit Tausensassa Simon Schwarz habe ich aufgeschrieben, wie ihn der Aktivismus seiner Mutter gepr\u00e4gt hat, was sein ADHS damit zu tun hat und was er sich f\u00fcr Gedanken \u00fcber den Zustand der Welt macht. Und vor allem: Warum er nicht verzagt, sondern optimistisch und kampflustig in die Zukunft blickt. Herausgekommen ist <a href=\"https:\/\/www.ueberreuter.at\/shop\/gehts-noch-betrachtungen-eines-ueberforderten\/?srsltid=AfmBOoq1DagVvrIjwVrtWQEu9cymsB2vcSdnGkCMeERFcGElfTvpVDYo\" target=\"_blank\" rel=\"noreferrer noopener\">dieses Buch &#8211; und zwar im Ueberreuter Verlag<\/a>.<\/p>\n\n\n\n<figure class=\"wp-block-gallery has-nested-images columns-default is-cropped wp-block-gallery-1 is-layout-flex wp-block-gallery-is-layout-flex\">\n<figure class=\"wp-block-image size-large\"><a href=\"http:\/\/urselnendzig.at\/blog\/wp-content\/uploads\/buch1i.jpg\"><img loading=\"lazy\" decoding=\"async\" width=\"724\" height=\"483\" data-id=\"12487\" src=\"http:\/\/urselnendzig.at\/blog\/wp-content\/uploads\/buch1i.jpg\" alt=\"\" class=\"wp-image-12487\" srcset=\"http:\/\/urselnendzig.at\/blog\/wp-content\/uploads\/buch1i.jpg 724w, http:\/\/urselnendzig.at\/blog\/wp-content\/uploads\/buch1i-300x200.jpg 300w\" sizes=\"auto, (max-width: 724px) 100vw, 724px\" \/><\/a><\/figure>\n<\/figure>\n","protected":false},"excerpt":{"rendered":"<p>geht\u00b4s noch!?!? Gemeinsam mit Tausensassa Simon Schwarz habe ich aufgeschrieben, wie ihn der Aktivismus seiner Mutter gepr\u00e4gt hat, was sein ADHS damit zu tun hat und was er sich f\u00fcr Gedanken \u00fcber den Zustand der Welt macht. Und vor allem: Warum er nicht verzagt, sondern optimistisch und kampflustig in die Zukunft blickt. Herausgekommen ist dieses [&hellip;]<\/p>\n","protected":false},"author":1,"featured_media":12485,"comment_status":"closed","ping_status":"closed","sticky":false,"template":"","format":"standard","meta":{"footnotes":""},"categories":[7],"tags":[],"class_list":["post-12476","post","type-post","status-publish","format-standard","has-post-thumbnail","hentry","category-erschienen"],"_links":{"self":[{"href":"http:\/\/urselnendzig.at\/index.php?rest_route=\/wp\/v2\/posts\/12476","targetHints":{"allow":["GET"]}}],"collection":[{"href":"http:\/\/urselnendzig.at\/index.php?rest_route=\/wp\/v2\/posts"}],"about":[{"href":"http:\/\/urselnendzig.at\/index.php?rest_route=\/wp\/v2\/types\/post"}],"author":[{"embeddable":true,"href":"http:\/\/urselnendzig.at\/index.php?rest_route=\/wp\/v2\/users\/1"}],"replies":[{"embeddable":true,"href":"http:\/\/urselnendzig.at\/index.php?rest_route=%2Fwp%2Fv2%2Fcomments&post=12476"}],"version-history":[{"count":3,"href":"http:\/\/urselnendzig.at\/index.php?rest_route=\/wp\/v2\/posts\/12476\/revisions"}],"predecessor-version":[{"id":12496,"href":"http:\/\/urselnendzig.at\/index.php?rest_route=\/wp\/v2\/posts\/12476\/revisions\/12496"}],"wp:featuredmedia":[{"embeddable":true,"href":"http:\/\/urselnendzig.at\/index.php?rest_route=\/wp\/v2\/media\/12485"}],"wp:attachment":[{"href":"http:\/\/urselnendzig.at\/index.php?rest_route=%2Fwp%2Fv2%2Fmedia&parent=12476"}],"wp:term":[{"taxonomy":"category","embeddable":true,"href":"http:\/\/urselnendzig.at\/index.php?rest_route=%2Fwp%2Fv2%2Fcategories&post=12476"},{"taxonomy":"post_tag","embeddable":true,"href":"http:\/\/urselnendzig.at\/index.php?rest_route=%2Fwp%2Fv2%2Ftags&post=12476"}],"curies":[{"name":"wp","href":"https:\/\/api.w.org\/{rel}","templated":true}]}}