{"id":233,"date":"2016-08-05T11:28:23","date_gmt":"2016-08-05T11:28:23","guid":{"rendered":"http:\/\/urselnendzig.at\/?p=233"},"modified":"2019-09-05T12:42:50","modified_gmt":"2019-09-05T12:42:50","slug":"es-ist-da","status":"publish","type":"post","link":"http:\/\/urselnendzig.at\/?p=233","title":{"rendered":"Es ist da!"},"content":{"rendered":"<p>&#8222;Die Erfindung des Menschen&#8220; ist das dritte Buch, dass ich gemeinsam mit der gro\u00dfartigen Ren\u00e9e Schroeder schreiben durfte. Es ist eine Reise weit in die Vergangenheit und auch ein bisschen in die Zukunft. Es \u00f6ffnet, das ist das tolle daran, ganz viele verborgene T\u00fcrchen, T\u00fcren und Tore im Kopf. Am Ende wird einem dann vielleicht ein bisschen mulmig, wenn es darum geht, wie die Evolution der Menschheit weitergehen wird.<\/p>\n<p>Zu kaufen im Buchladen eures Vertrauens, beispielsweise in der <a title=\"Buchhandlung in Mauer\" href=\"http:\/\/www.buchhandlunginmauer.at\/\" target=\"_blank\">Buchhandlung Mauer<\/a>, wo es sogar im Schaufenster liegt. &lt;3<\/p>\n","protected":false},"excerpt":{"rendered":"<p>&#8222;Die Erfindung des Menschen&#8220; ist das dritte Buch, dass ich gemeinsam mit der gro\u00dfartigen Ren\u00e9e Schroeder schreiben durfte. Es ist eine Reise weit in die Vergangenheit und auch ein bisschen in die Zukunft. Es \u00f6ffnet, das ist das tolle daran, ganz viele verborgene T\u00fcrchen, T\u00fcren und Tore im Kopf. Am Ende wird einem dann vielleicht [&hellip;]<\/p>\n","protected":false},"author":1,"featured_media":222,"comment_status":"closed","ping_status":"closed","sticky":false,"template":"","format":"image","meta":{"footnotes":""},"categories":[7],"tags":[],"class_list":["post-233","post","type-post","status-publish","format-image","has-post-thumbnail","hentry","category-erschienen","post_format-post-format-image"],"_links":{"self":[{"href":"http:\/\/urselnendzig.at\/index.php?rest_route=\/wp\/v2\/posts\/233","targetHints":{"allow":["GET"]}}],"collection":[{"href":"http:\/\/urselnendzig.at\/index.php?rest_route=\/wp\/v2\/posts"}],"about":[{"href":"http:\/\/urselnendzig.at\/index.php?rest_route=\/wp\/v2\/types\/post"}],"author":[{"embeddable":true,"href":"http:\/\/urselnendzig.at\/index.php?rest_route=\/wp\/v2\/users\/1"}],"replies":[{"embeddable":true,"href":"http:\/\/urselnendzig.at\/index.php?rest_route=%2Fwp%2Fv2%2Fcomments&post=233"}],"version-history":[{"count":1,"href":"http:\/\/urselnendzig.at\/index.php?rest_route=\/wp\/v2\/posts\/233\/revisions"}],"predecessor-version":[{"id":234,"href":"http:\/\/urselnendzig.at\/index.php?rest_route=\/wp\/v2\/posts\/233\/revisions\/234"}],"wp:featuredmedia":[{"embeddable":true,"href":"http:\/\/urselnendzig.at\/index.php?rest_route=\/wp\/v2\/media\/222"}],"wp:attachment":[{"href":"http:\/\/urselnendzig.at\/index.php?rest_route=%2Fwp%2Fv2%2Fmedia&parent=233"}],"wp:term":[{"taxonomy":"category","embeddable":true,"href":"http:\/\/urselnendzig.at\/index.php?rest_route=%2Fwp%2Fv2%2Fcategories&post=233"},{"taxonomy":"post_tag","embeddable":true,"href":"http:\/\/urselnendzig.at\/index.php?rest_route=%2Fwp%2Fv2%2Ftags&post=233"}],"curies":[{"name":"wp","href":"https:\/\/api.w.org\/{rel}","templated":true}]}}