{"id":276,"date":"2017-09-05T10:00:53","date_gmt":"2017-09-05T10:00:53","guid":{"rendered":"http:\/\/urselnendzig.at\/?p=276"},"modified":"2019-09-18T13:50:30","modified_gmt":"2019-09-18T13:50:30","slug":"der-erich-und-die-schafe","status":"publish","type":"post","link":"http:\/\/urselnendzig.at\/?p=276","title":{"rendered":"Augenweide"},"content":{"rendered":"<p>Auf der Perchtoldsdorfer Heide haben wir den <a href=\"http:\/\/www.bioschafhof-sonnleitner.at\/\" target=\"_blank\">Erich <\/a>kennengelernt, der mit seinen Schafen daf\u00fcr sorgt, dass diese Kulturlandschaft nicht wieder zuwuchert. Wahnsinns-Fotos vom <a href=\"http:\/\/www.stefanknittel.at\" target=\"_blank\">Meister aller Klassen<\/a> und gro\u00dfz\u00fcgig aufgemacht vom <a href=\"http:\/\/www.universum.co.at\" target=\"_blank\">Universum Magazin<\/a>. Bissl Text ist auch dabei &#8211; nachlesen in der aktuellen Ausgabe (September 2017)<\/p>\n","protected":false},"excerpt":{"rendered":"<p>Auf der Perchtoldsdorfer Heide haben wir den Erich kennengelernt, der mit seinen Schafen daf\u00fcr sorgt, dass diese Kulturlandschaft nicht wieder zuwuchert. Wahnsinns-Fotos vom Meister aller Klassen und gro\u00dfz\u00fcgig aufgemacht vom Universum Magazin. Bissl Text ist auch dabei &#8211; nachlesen in der aktuellen Ausgabe (September 2017)<\/p>\n","protected":false},"author":1,"featured_media":277,"comment_status":"closed","ping_status":"closed","sticky":false,"template":"","format":"image","meta":{"footnotes":""},"categories":[7,6],"tags":[],"class_list":["post-276","post","type-post","status-publish","format-image","has-post-thumbnail","hentry","category-erschienen","category-extrablatt","post_format-post-format-image"],"_links":{"self":[{"href":"http:\/\/urselnendzig.at\/index.php?rest_route=\/wp\/v2\/posts\/276","targetHints":{"allow":["GET"]}}],"collection":[{"href":"http:\/\/urselnendzig.at\/index.php?rest_route=\/wp\/v2\/posts"}],"about":[{"href":"http:\/\/urselnendzig.at\/index.php?rest_route=\/wp\/v2\/types\/post"}],"author":[{"embeddable":true,"href":"http:\/\/urselnendzig.at\/index.php?rest_route=\/wp\/v2\/users\/1"}],"replies":[{"embeddable":true,"href":"http:\/\/urselnendzig.at\/index.php?rest_route=%2Fwp%2Fv2%2Fcomments&post=276"}],"version-history":[{"count":2,"href":"http:\/\/urselnendzig.at\/index.php?rest_route=\/wp\/v2\/posts\/276\/revisions"}],"predecessor-version":[{"id":282,"href":"http:\/\/urselnendzig.at\/index.php?rest_route=\/wp\/v2\/posts\/276\/revisions\/282"}],"wp:featuredmedia":[{"embeddable":true,"href":"http:\/\/urselnendzig.at\/index.php?rest_route=\/wp\/v2\/media\/277"}],"wp:attachment":[{"href":"http:\/\/urselnendzig.at\/index.php?rest_route=%2Fwp%2Fv2%2Fmedia&parent=276"}],"wp:term":[{"taxonomy":"category","embeddable":true,"href":"http:\/\/urselnendzig.at\/index.php?rest_route=%2Fwp%2Fv2%2Fcategories&post=276"},{"taxonomy":"post_tag","embeddable":true,"href":"http:\/\/urselnendzig.at\/index.php?rest_route=%2Fwp%2Fv2%2Ftags&post=276"}],"curies":[{"name":"wp","href":"https:\/\/api.w.org\/{rel}","templated":true}]}}