{"id":279,"date":"2017-08-30T14:59:05","date_gmt":"2017-08-30T14:59:05","guid":{"rendered":"http:\/\/urselnendzig.at\/?p=279"},"modified":"2019-09-18T13:50:40","modified_gmt":"2019-09-18T13:50:40","slug":"maxima-green-2","status":"publish","type":"post","link":"http:\/\/urselnendzig.at\/?p=279","title":{"rendered":"Maxima Green"},"content":{"rendered":"<p>Ich durfte wieder ein Heft voller gr\u00fcner Ideen f\u00fcr die <a href=\"http:\/\/www.maxima.at\" target=\"_blank\">maxima <\/a>f\u00fcllen. Besonders ber\u00fchrend war die Geschichte \u00fcber einen <a href=\"http:\/\/www.kinderinwien.at\" target=\"_blank\">Kinder in Wien<\/a> &#8211; Kindergarten, der sich das Dach mit einem Seniorenheim der <a href=\"http:\/\/www.caritas-pflege.at\" target=\"_blank\">Caritas <\/a>teilt. Sehr viel Freude und viele leuchtende Augen auf allen Seiten.<\/p>\n","protected":false},"excerpt":{"rendered":"<p>Ich durfte wieder ein Heft voller gr\u00fcner Ideen f\u00fcr die maxima f\u00fcllen. Besonders ber\u00fchrend war die Geschichte \u00fcber einen Kinder in Wien &#8211; Kindergarten, der sich das Dach mit einem Seniorenheim der Caritas teilt. Sehr viel Freude und viele leuchtende Augen auf allen Seiten.<\/p>\n","protected":false},"author":1,"featured_media":280,"comment_status":"closed","ping_status":"closed","sticky":false,"template":"","format":"image","meta":{"footnotes":""},"categories":[7,6],"tags":[],"class_list":["post-279","post","type-post","status-publish","format-image","has-post-thumbnail","hentry","category-erschienen","category-extrablatt","post_format-post-format-image"],"_links":{"self":[{"href":"http:\/\/urselnendzig.at\/index.php?rest_route=\/wp\/v2\/posts\/279","targetHints":{"allow":["GET"]}}],"collection":[{"href":"http:\/\/urselnendzig.at\/index.php?rest_route=\/wp\/v2\/posts"}],"about":[{"href":"http:\/\/urselnendzig.at\/index.php?rest_route=\/wp\/v2\/types\/post"}],"author":[{"embeddable":true,"href":"http:\/\/urselnendzig.at\/index.php?rest_route=\/wp\/v2\/users\/1"}],"replies":[{"embeddable":true,"href":"http:\/\/urselnendzig.at\/index.php?rest_route=%2Fwp%2Fv2%2Fcomments&post=279"}],"version-history":[{"count":1,"href":"http:\/\/urselnendzig.at\/index.php?rest_route=\/wp\/v2\/posts\/279\/revisions"}],"predecessor-version":[{"id":281,"href":"http:\/\/urselnendzig.at\/index.php?rest_route=\/wp\/v2\/posts\/279\/revisions\/281"}],"wp:featuredmedia":[{"embeddable":true,"href":"http:\/\/urselnendzig.at\/index.php?rest_route=\/wp\/v2\/media\/280"}],"wp:attachment":[{"href":"http:\/\/urselnendzig.at\/index.php?rest_route=%2Fwp%2Fv2%2Fmedia&parent=279"}],"wp:term":[{"taxonomy":"category","embeddable":true,"href":"http:\/\/urselnendzig.at\/index.php?rest_route=%2Fwp%2Fv2%2Fcategories&post=279"},{"taxonomy":"post_tag","embeddable":true,"href":"http:\/\/urselnendzig.at\/index.php?rest_route=%2Fwp%2Fv2%2Ftags&post=279"}],"curies":[{"name":"wp","href":"https:\/\/api.w.org\/{rel}","templated":true}]}}