{"id":297,"date":"2018-02-02T10:21:12","date_gmt":"2018-02-02T10:21:12","guid":{"rendered":"http:\/\/urselnendzig.at\/?p=297"},"modified":"2018-08-12T09:53:50","modified_gmt":"2018-08-12T09:53:50","slug":"100-jahre-frauenwahlrecht","status":"publish","type":"post","link":"http:\/\/urselnendzig.at\/?p=297","title":{"rendered":"100 Jahre Frauenwahlrecht"},"content":{"rendered":"<p>Eine bewegende Recherche war das. Und einige spannende Gespr\u00e4che, die ich f\u00fcr diese Brosch\u00fcre f\u00fchren durfte, vor allem jenes mit Ulrike Gu\u00e9rot, die die Zukunft der Europ\u00e4ischen Demokratie erforscht.<\/p>\n","protected":false},"excerpt":{"rendered":"<p>Eine bewegende Recherche war das. Und einige spannende Gespr\u00e4che, die ich f\u00fcr diese Brosch\u00fcre f\u00fchren durfte, vor allem jenes mit Ulrike Gu\u00e9rot, die die Zukunft der Europ\u00e4ischen Demokratie erforscht.<\/p>\n","protected":false},"author":1,"featured_media":298,"comment_status":"closed","ping_status":"closed","sticky":false,"template":"","format":"image","meta":{"footnotes":""},"categories":[7,6],"tags":[],"class_list":["post-297","post","type-post","status-publish","format-image","has-post-thumbnail","hentry","category-erschienen","category-extrablatt","post_format-post-format-image"],"_links":{"self":[{"href":"http:\/\/urselnendzig.at\/index.php?rest_route=\/wp\/v2\/posts\/297","targetHints":{"allow":["GET"]}}],"collection":[{"href":"http:\/\/urselnendzig.at\/index.php?rest_route=\/wp\/v2\/posts"}],"about":[{"href":"http:\/\/urselnendzig.at\/index.php?rest_route=\/wp\/v2\/types\/post"}],"author":[{"embeddable":true,"href":"http:\/\/urselnendzig.at\/index.php?rest_route=\/wp\/v2\/users\/1"}],"replies":[{"embeddable":true,"href":"http:\/\/urselnendzig.at\/index.php?rest_route=%2Fwp%2Fv2%2Fcomments&post=297"}],"version-history":[{"count":3,"href":"http:\/\/urselnendzig.at\/index.php?rest_route=\/wp\/v2\/posts\/297\/revisions"}],"predecessor-version":[{"id":329,"href":"http:\/\/urselnendzig.at\/index.php?rest_route=\/wp\/v2\/posts\/297\/revisions\/329"}],"wp:featuredmedia":[{"embeddable":true,"href":"http:\/\/urselnendzig.at\/index.php?rest_route=\/wp\/v2\/media\/298"}],"wp:attachment":[{"href":"http:\/\/urselnendzig.at\/index.php?rest_route=%2Fwp%2Fv2%2Fmedia&parent=297"}],"wp:term":[{"taxonomy":"category","embeddable":true,"href":"http:\/\/urselnendzig.at\/index.php?rest_route=%2Fwp%2Fv2%2Fcategories&post=297"},{"taxonomy":"post_tag","embeddable":true,"href":"http:\/\/urselnendzig.at\/index.php?rest_route=%2Fwp%2Fv2%2Ftags&post=297"}],"curies":[{"name":"wp","href":"https:\/\/api.w.org\/{rel}","templated":true}]}}