{"id":300,"date":"2017-05-15T12:26:30","date_gmt":"2017-05-15T12:26:30","guid":{"rendered":"http:\/\/urselnendzig.at\/?p=300"},"modified":"2019-09-18T13:53:45","modified_gmt":"2019-09-18T13:53:45","slug":"starke-schulen","status":"publish","type":"post","link":"http:\/\/urselnendzig.at\/?p=300","title":{"rendered":"Starke Schulen"},"content":{"rendered":"<p>F\u00fcr dieses Buch durfte ich Interviews mit Expertinnen und Experten aus dem Bildungsbereich f\u00fchren und Besuche in gro\u00dfartigen Schulen machen. Hat Spa\u00df gemacht, so viele tolle Lehrerinnen und Lehrer kennenzulerenn, die mit Herzblut und Leidenschaft bei der Sache sind.<\/p>\n","protected":false},"excerpt":{"rendered":"<p>F\u00fcr dieses Buch durfte ich Interviews mit Expertinnen und Experten aus dem Bildungsbereich f\u00fchren und Besuche in gro\u00dfartigen Schulen machen. Hat Spa\u00df gemacht, so viele tolle Lehrerinnen und Lehrer kennenzulerenn, die mit Herzblut und Leidenschaft bei der Sache sind.<\/p>\n","protected":false},"author":1,"featured_media":301,"comment_status":"closed","ping_status":"closed","sticky":false,"template":"","format":"image","meta":{"footnotes":""},"categories":[7,6],"tags":[],"class_list":["post-300","post","type-post","status-publish","format-image","has-post-thumbnail","hentry","category-erschienen","category-extrablatt","post_format-post-format-image"],"_links":{"self":[{"href":"http:\/\/urselnendzig.at\/index.php?rest_route=\/wp\/v2\/posts\/300","targetHints":{"allow":["GET"]}}],"collection":[{"href":"http:\/\/urselnendzig.at\/index.php?rest_route=\/wp\/v2\/posts"}],"about":[{"href":"http:\/\/urselnendzig.at\/index.php?rest_route=\/wp\/v2\/types\/post"}],"author":[{"embeddable":true,"href":"http:\/\/urselnendzig.at\/index.php?rest_route=\/wp\/v2\/users\/1"}],"replies":[{"embeddable":true,"href":"http:\/\/urselnendzig.at\/index.php?rest_route=%2Fwp%2Fv2%2Fcomments&post=300"}],"version-history":[{"count":1,"href":"http:\/\/urselnendzig.at\/index.php?rest_route=\/wp\/v2\/posts\/300\/revisions"}],"predecessor-version":[{"id":302,"href":"http:\/\/urselnendzig.at\/index.php?rest_route=\/wp\/v2\/posts\/300\/revisions\/302"}],"wp:featuredmedia":[{"embeddable":true,"href":"http:\/\/urselnendzig.at\/index.php?rest_route=\/wp\/v2\/media\/301"}],"wp:attachment":[{"href":"http:\/\/urselnendzig.at\/index.php?rest_route=%2Fwp%2Fv2%2Fmedia&parent=300"}],"wp:term":[{"taxonomy":"category","embeddable":true,"href":"http:\/\/urselnendzig.at\/index.php?rest_route=%2Fwp%2Fv2%2Fcategories&post=300"},{"taxonomy":"post_tag","embeddable":true,"href":"http:\/\/urselnendzig.at\/index.php?rest_route=%2Fwp%2Fv2%2Ftags&post=300"}],"curies":[{"name":"wp","href":"https:\/\/api.w.org\/{rel}","templated":true}]}}