{"id":306,"date":"2017-09-02T07:37:18","date_gmt":"2017-09-02T07:37:18","guid":{"rendered":"http:\/\/urselnendzig.at\/?p=306"},"modified":"2019-09-18T13:50:12","modified_gmt":"2019-09-18T13:50:12","slug":"mundgeruch-ich","status":"publish","type":"post","link":"http:\/\/urselnendzig.at\/?p=306","title":{"rendered":"Mundgeruch? ICH?"},"content":{"rendered":"<p>Da wird doch das Faschierte in der Pfanne verr\u00fcckt, wie konnte sie nur? Was dachte sie sich dabei? MUNDWASSER????? Das ist doch nur was f\u00fcr Menschen mit Mundgeruch, davon hatte er schon geh\u00f6rt, aber doch nicht hier, in seinem Haus, da stank man doch nicht aus dem Mund! Beherzt griff er zum Stift und strich das sch\u00e4ndliche Produkt durch. Mundwasser. Nicht mit ihm.<\/p>\n","protected":false},"excerpt":{"rendered":"<p>Da wird doch das Faschierte in der Pfanne verr\u00fcckt, wie konnte sie nur? Was dachte sie sich dabei? MUNDWASSER????? Das ist doch nur was f\u00fcr Menschen mit Mundgeruch, davon hatte er schon geh\u00f6rt, aber doch nicht hier, in seinem Haus, da stank man doch nicht aus dem Mund! Beherzt griff er zum Stift und strich [&hellip;]<\/p>\n","protected":false},"author":1,"featured_media":307,"comment_status":"closed","ping_status":"closed","sticky":false,"template":"","format":"image","meta":{"footnotes":""},"categories":[2,3],"tags":[],"class_list":["post-306","post","type-post","status-publish","format-image","has-post-thumbnail","hentry","category-einkaufszettel","category-fundstuecke","post_format-post-format-image"],"_links":{"self":[{"href":"http:\/\/urselnendzig.at\/index.php?rest_route=\/wp\/v2\/posts\/306","targetHints":{"allow":["GET"]}}],"collection":[{"href":"http:\/\/urselnendzig.at\/index.php?rest_route=\/wp\/v2\/posts"}],"about":[{"href":"http:\/\/urselnendzig.at\/index.php?rest_route=\/wp\/v2\/types\/post"}],"author":[{"embeddable":true,"href":"http:\/\/urselnendzig.at\/index.php?rest_route=\/wp\/v2\/users\/1"}],"replies":[{"embeddable":true,"href":"http:\/\/urselnendzig.at\/index.php?rest_route=%2Fwp%2Fv2%2Fcomments&post=306"}],"version-history":[{"count":2,"href":"http:\/\/urselnendzig.at\/index.php?rest_route=\/wp\/v2\/posts\/306\/revisions"}],"predecessor-version":[{"id":418,"href":"http:\/\/urselnendzig.at\/index.php?rest_route=\/wp\/v2\/posts\/306\/revisions\/418"}],"wp:featuredmedia":[{"embeddable":true,"href":"http:\/\/urselnendzig.at\/index.php?rest_route=\/wp\/v2\/media\/307"}],"wp:attachment":[{"href":"http:\/\/urselnendzig.at\/index.php?rest_route=%2Fwp%2Fv2%2Fmedia&parent=306"}],"wp:term":[{"taxonomy":"category","embeddable":true,"href":"http:\/\/urselnendzig.at\/index.php?rest_route=%2Fwp%2Fv2%2Fcategories&post=306"},{"taxonomy":"post_tag","embeddable":true,"href":"http:\/\/urselnendzig.at\/index.php?rest_route=%2Fwp%2Fv2%2Ftags&post=306"}],"curies":[{"name":"wp","href":"https:\/\/api.w.org\/{rel}","templated":true}]}}