{"id":319,"date":"2018-03-13T11:00:14","date_gmt":"2018-03-13T11:00:14","guid":{"rendered":"http:\/\/urselnendzig.at\/?p=319"},"modified":"2018-08-12T09:53:41","modified_gmt":"2018-08-12T09:53:41","slug":"fastenzeit","status":"publish","type":"post","link":"http:\/\/urselnendzig.at\/?p=319","title":{"rendered":"Fastenzeit"},"content":{"rendered":"<p>Sorry, aber so geht das nicht. Es ist ein netter Versuch, zugegeben, aber:<br \/>\nerstens ist Speck auch dann noch im Krautsalat, wenn man ihn ganz klein schreibt. WIR K\u00d6NNEN DAS TROTZDEM SEHEN!<br \/>\nzweitens z\u00e4hlt meines Wissens nach Wein auch zu den alkoholischen Getr\u00e4nken.<br \/>\nHolen Sie ein TAT\u00dc aus der Box, das wird nix mit dem heiligfasten.<\/p>\n","protected":false},"excerpt":{"rendered":"<p>Sorry, aber so geht das nicht. Es ist ein netter Versuch, zugegeben, aber: erstens ist Speck auch dann noch im Krautsalat, wenn man ihn ganz klein schreibt. WIR K\u00d6NNEN DAS TROTZDEM SEHEN! zweitens z\u00e4hlt meines Wissens nach Wein auch zu den alkoholischen Getr\u00e4nken. Holen Sie ein TAT\u00dc aus der Box, das wird nix mit dem [&hellip;]<\/p>\n","protected":false},"author":1,"featured_media":320,"comment_status":"closed","ping_status":"closed","sticky":false,"template":"","format":"image","meta":{"footnotes":""},"categories":[2,3],"tags":[],"class_list":["post-319","post","type-post","status-publish","format-image","has-post-thumbnail","hentry","category-einkaufszettel","category-fundstuecke","post_format-post-format-image"],"_links":{"self":[{"href":"http:\/\/urselnendzig.at\/index.php?rest_route=\/wp\/v2\/posts\/319","targetHints":{"allow":["GET"]}}],"collection":[{"href":"http:\/\/urselnendzig.at\/index.php?rest_route=\/wp\/v2\/posts"}],"about":[{"href":"http:\/\/urselnendzig.at\/index.php?rest_route=\/wp\/v2\/types\/post"}],"author":[{"embeddable":true,"href":"http:\/\/urselnendzig.at\/index.php?rest_route=\/wp\/v2\/users\/1"}],"replies":[{"embeddable":true,"href":"http:\/\/urselnendzig.at\/index.php?rest_route=%2Fwp%2Fv2%2Fcomments&post=319"}],"version-history":[{"count":1,"href":"http:\/\/urselnendzig.at\/index.php?rest_route=\/wp\/v2\/posts\/319\/revisions"}],"predecessor-version":[{"id":321,"href":"http:\/\/urselnendzig.at\/index.php?rest_route=\/wp\/v2\/posts\/319\/revisions\/321"}],"wp:featuredmedia":[{"embeddable":true,"href":"http:\/\/urselnendzig.at\/index.php?rest_route=\/wp\/v2\/media\/320"}],"wp:attachment":[{"href":"http:\/\/urselnendzig.at\/index.php?rest_route=%2Fwp%2Fv2%2Fmedia&parent=319"}],"wp:term":[{"taxonomy":"category","embeddable":true,"href":"http:\/\/urselnendzig.at\/index.php?rest_route=%2Fwp%2Fv2%2Fcategories&post=319"},{"taxonomy":"post_tag","embeddable":true,"href":"http:\/\/urselnendzig.at\/index.php?rest_route=%2Fwp%2Fv2%2Ftags&post=319"}],"curies":[{"name":"wp","href":"https:\/\/api.w.org\/{rel}","templated":true}]}}