{"id":351,"date":"2019-05-18T12:15:38","date_gmt":"2019-05-18T12:15:38","guid":{"rendered":"http:\/\/urselnendzig.at\/?p=351"},"modified":"2019-09-18T13:57:54","modified_gmt":"2019-09-18T13:57:54","slug":"niederoesterreich-und-steiermark","status":"publish","type":"post","link":"http:\/\/urselnendzig.at\/?p=351","title":{"rendered":"Nieder\u00f6sterreich und Steiermark"},"content":{"rendered":"<p>F\u00fcr zwei Bundesl\u00e4nder durfte ich die Sonderausgaben der &#8222;Welt der Frauen&#8220; mitgestalten und schreiben. Es sind zwei kleine, feine Hefte geworden, finde ich. Die Bundesl\u00e4nder-Sonderausgaben liegen der gro\u00dfen Schwester, dem Hauptheft der <a href=\"http:\/\/www.welt-der-frauen.at\" target=\"_blank\">Welt der Frauen<\/a>, bei.<\/p>\n","protected":false},"excerpt":{"rendered":"<p>F\u00fcr zwei Bundesl\u00e4nder durfte ich die Sonderausgaben der &#8222;Welt der Frauen&#8220; mitgestalten und schreiben. Es sind zwei kleine, feine Hefte geworden, finde ich. Die Bundesl\u00e4nder-Sonderausgaben liegen der gro\u00dfen Schwester, dem Hauptheft der Welt der Frauen, bei.<\/p>\n","protected":false},"author":1,"featured_media":352,"comment_status":"closed","ping_status":"closed","sticky":false,"template":"","format":"standard","meta":{"footnotes":""},"categories":[7,6],"tags":[],"class_list":["post-351","post","type-post","status-publish","format-standard","has-post-thumbnail","hentry","category-erschienen","category-extrablatt"],"_links":{"self":[{"href":"http:\/\/urselnendzig.at\/index.php?rest_route=\/wp\/v2\/posts\/351","targetHints":{"allow":["GET"]}}],"collection":[{"href":"http:\/\/urselnendzig.at\/index.php?rest_route=\/wp\/v2\/posts"}],"about":[{"href":"http:\/\/urselnendzig.at\/index.php?rest_route=\/wp\/v2\/types\/post"}],"author":[{"embeddable":true,"href":"http:\/\/urselnendzig.at\/index.php?rest_route=\/wp\/v2\/users\/1"}],"replies":[{"embeddable":true,"href":"http:\/\/urselnendzig.at\/index.php?rest_route=%2Fwp%2Fv2%2Fcomments&post=351"}],"version-history":[{"count":2,"href":"http:\/\/urselnendzig.at\/index.php?rest_route=\/wp\/v2\/posts\/351\/revisions"}],"predecessor-version":[{"id":410,"href":"http:\/\/urselnendzig.at\/index.php?rest_route=\/wp\/v2\/posts\/351\/revisions\/410"}],"wp:featuredmedia":[{"embeddable":true,"href":"http:\/\/urselnendzig.at\/index.php?rest_route=\/wp\/v2\/media\/352"}],"wp:attachment":[{"href":"http:\/\/urselnendzig.at\/index.php?rest_route=%2Fwp%2Fv2%2Fmedia&parent=351"}],"wp:term":[{"taxonomy":"category","embeddable":true,"href":"http:\/\/urselnendzig.at\/index.php?rest_route=%2Fwp%2Fv2%2Fcategories&post=351"},{"taxonomy":"post_tag","embeddable":true,"href":"http:\/\/urselnendzig.at\/index.php?rest_route=%2Fwp%2Fv2%2Ftags&post=351"}],"curies":[{"name":"wp","href":"https:\/\/api.w.org\/{rel}","templated":true}]}}