{"id":363,"date":"2018-11-03T12:25:22","date_gmt":"2018-11-03T12:25:22","guid":{"rendered":"http:\/\/urselnendzig.at\/?p=363"},"modified":"2019-09-18T12:27:50","modified_gmt":"2019-09-18T12:27:50","slug":"lass-mal-drueber-reden","status":"publish","type":"post","link":"http:\/\/urselnendzig.at\/?p=363","title":{"rendered":"Lass mal dr\u00fcber reden"},"content":{"rendered":"<p>F\u00fcr die <a href=\"http:\/\/www.maxima.at\" target=\"_blank\">maxima <\/a>habe ich mich mit drei spannenden Gespr\u00e4chspartnerinnen dazu ausgetauscht, wie das so l\u00e4uft mit der Familie, dem Beruf, dem eigenen Selbst und wie man das auch noch unter einen Hut kriegen soll. Nachzulesen ist das Gespr\u00e4ch im November-Heft.<\/p>\n","protected":false},"excerpt":{"rendered":"<p>F\u00fcr die maxima habe ich mich mit drei spannenden Gespr\u00e4chspartnerinnen dazu ausgetauscht, wie das so l\u00e4uft mit der Familie, dem Beruf, dem eigenen Selbst und wie man das auch noch unter einen Hut kriegen soll. Nachzulesen ist das Gespr\u00e4ch im November-Heft.<\/p>\n","protected":false},"author":1,"featured_media":356,"comment_status":"closed","ping_status":"closed","sticky":false,"template":"","format":"standard","meta":{"footnotes":""},"categories":[7,6],"tags":[],"class_list":["post-363","post","type-post","status-publish","format-standard","has-post-thumbnail","hentry","category-erschienen","category-extrablatt"],"_links":{"self":[{"href":"http:\/\/urselnendzig.at\/index.php?rest_route=\/wp\/v2\/posts\/363","targetHints":{"allow":["GET"]}}],"collection":[{"href":"http:\/\/urselnendzig.at\/index.php?rest_route=\/wp\/v2\/posts"}],"about":[{"href":"http:\/\/urselnendzig.at\/index.php?rest_route=\/wp\/v2\/types\/post"}],"author":[{"embeddable":true,"href":"http:\/\/urselnendzig.at\/index.php?rest_route=\/wp\/v2\/users\/1"}],"replies":[{"embeddable":true,"href":"http:\/\/urselnendzig.at\/index.php?rest_route=%2Fwp%2Fv2%2Fcomments&post=363"}],"version-history":[{"count":1,"href":"http:\/\/urselnendzig.at\/index.php?rest_route=\/wp\/v2\/posts\/363\/revisions"}],"predecessor-version":[{"id":364,"href":"http:\/\/urselnendzig.at\/index.php?rest_route=\/wp\/v2\/posts\/363\/revisions\/364"}],"wp:featuredmedia":[{"embeddable":true,"href":"http:\/\/urselnendzig.at\/index.php?rest_route=\/wp\/v2\/media\/356"}],"wp:attachment":[{"href":"http:\/\/urselnendzig.at\/index.php?rest_route=%2Fwp%2Fv2%2Fmedia&parent=363"}],"wp:term":[{"taxonomy":"category","embeddable":true,"href":"http:\/\/urselnendzig.at\/index.php?rest_route=%2Fwp%2Fv2%2Fcategories&post=363"},{"taxonomy":"post_tag","embeddable":true,"href":"http:\/\/urselnendzig.at\/index.php?rest_route=%2Fwp%2Fv2%2Ftags&post=363"}],"curies":[{"name":"wp","href":"https:\/\/api.w.org\/{rel}","templated":true}]}}