{"id":369,"date":"2018-12-07T12:51:07","date_gmt":"2018-12-07T12:51:07","guid":{"rendered":"http:\/\/urselnendzig.at\/?p=369"},"modified":"2020-09-17T13:43:08","modified_gmt":"2020-09-17T13:43:08","slug":"an-nyeong-ha-se-yo","status":"publish","type":"post","link":"http:\/\/urselnendzig.at\/?p=369","title":{"rendered":"An-nyeong-ha-se-yo"},"content":{"rendered":"<p>Ich habe ergoogelt, dass das &#8222;Guten Tag&#8220; auf koreanisch hei\u00dft. Ob das stimmt, wei\u00df ich nicht, genauso wenig wie ich wei\u00df, ob die \u00dcbersetzung unseres Buches &#8222;Die Erfindung des Menschen&#8220; tats\u00e4chlich korrekt ist. Vielleicht geht es ja in dem Buch, auf dem unsere Namen stehen, um was ganz anderes und wir stehen l\u00e4ngst wegen gef\u00e4hrlicher Inhalte auf der schlimmen Liste des Koreanischen Geheimdienstes, wer wei\u00df es schon.<\/p>\n","protected":false},"excerpt":{"rendered":"<p>Ich habe ergoogelt, dass das &#8222;Guten Tag&#8220; auf koreanisch hei\u00dft. Ob das stimmt, wei\u00df ich nicht, genauso wenig wie ich wei\u00df, ob die \u00dcbersetzung unseres Buches &#8222;Die Erfindung des Menschen&#8220; tats\u00e4chlich korrekt ist. Vielleicht geht es ja in dem Buch, auf dem unsere Namen stehen, um was ganz anderes und wir stehen l\u00e4ngst wegen gef\u00e4hrlicher [&hellip;]<\/p>\n","protected":false},"author":1,"featured_media":359,"comment_status":"closed","ping_status":"closed","sticky":false,"template":"","format":"standard","meta":{"footnotes":""},"categories":[7],"tags":[],"class_list":["post-369","post","type-post","status-publish","format-standard","has-post-thumbnail","hentry","category-erschienen"],"_links":{"self":[{"href":"http:\/\/urselnendzig.at\/index.php?rest_route=\/wp\/v2\/posts\/369","targetHints":{"allow":["GET"]}}],"collection":[{"href":"http:\/\/urselnendzig.at\/index.php?rest_route=\/wp\/v2\/posts"}],"about":[{"href":"http:\/\/urselnendzig.at\/index.php?rest_route=\/wp\/v2\/types\/post"}],"author":[{"embeddable":true,"href":"http:\/\/urselnendzig.at\/index.php?rest_route=\/wp\/v2\/users\/1"}],"replies":[{"embeddable":true,"href":"http:\/\/urselnendzig.at\/index.php?rest_route=%2Fwp%2Fv2%2Fcomments&post=369"}],"version-history":[{"count":1,"href":"http:\/\/urselnendzig.at\/index.php?rest_route=\/wp\/v2\/posts\/369\/revisions"}],"predecessor-version":[{"id":370,"href":"http:\/\/urselnendzig.at\/index.php?rest_route=\/wp\/v2\/posts\/369\/revisions\/370"}],"wp:featuredmedia":[{"embeddable":true,"href":"http:\/\/urselnendzig.at\/index.php?rest_route=\/wp\/v2\/media\/359"}],"wp:attachment":[{"href":"http:\/\/urselnendzig.at\/index.php?rest_route=%2Fwp%2Fv2%2Fmedia&parent=369"}],"wp:term":[{"taxonomy":"category","embeddable":true,"href":"http:\/\/urselnendzig.at\/index.php?rest_route=%2Fwp%2Fv2%2Fcategories&post=369"},{"taxonomy":"post_tag","embeddable":true,"href":"http:\/\/urselnendzig.at\/index.php?rest_route=%2Fwp%2Fv2%2Ftags&post=369"}],"curies":[{"name":"wp","href":"https:\/\/api.w.org\/{rel}","templated":true}]}}