{"id":371,"date":"2018-07-12T12:52:20","date_gmt":"2018-07-12T12:52:20","guid":{"rendered":"http:\/\/urselnendzig.at\/?p=371"},"modified":"2019-09-18T12:57:05","modified_gmt":"2019-09-18T12:57:05","slug":"haeuslbauer","status":"publish","type":"post","link":"http:\/\/urselnendzig.at\/?p=371","title":{"rendered":"H\u00e4uslbauer"},"content":{"rendered":"<p>Eigentlich sind ja nur die Fotos (eh klar von <a href=\"http:\/\/www.stefanknittel.at\" target=\"_blank\">wem<\/a>) das Tolle an dieser Geschichte &#8211; und nat\u00fcrlich die Kinder, die darauf zu sehen sind. Ina, Theo und Ivo, die ihr eigenes kleines Haus bauen und davon erz\u00e4hlen, wie sich das anf\u00fchlt, ganz ohne Erwachsene was zu schaffen. Erschienen in der <a href=\"http:\/\/www.welt-der-frauen.at\" target=\"_blank\">Welt der Frauen<\/a>, Juli\/August 2018.<\/p>\n","protected":false},"excerpt":{"rendered":"<p>Eigentlich sind ja nur die Fotos (eh klar von wem) das Tolle an dieser Geschichte &#8211; und nat\u00fcrlich die Kinder, die darauf zu sehen sind. Ina, Theo und Ivo, die ihr eigenes kleines Haus bauen und davon erz\u00e4hlen, wie sich das anf\u00fchlt, ganz ohne Erwachsene was zu schaffen. Erschienen in der Welt der Frauen, Juli\/August [&hellip;]<\/p>\n","protected":false},"author":1,"featured_media":358,"comment_status":"closed","ping_status":"closed","sticky":false,"template":"","format":"standard","meta":{"footnotes":""},"categories":[7,6],"tags":[],"class_list":["post-371","post","type-post","status-publish","format-standard","has-post-thumbnail","hentry","category-erschienen","category-extrablatt"],"_links":{"self":[{"href":"http:\/\/urselnendzig.at\/index.php?rest_route=\/wp\/v2\/posts\/371","targetHints":{"allow":["GET"]}}],"collection":[{"href":"http:\/\/urselnendzig.at\/index.php?rest_route=\/wp\/v2\/posts"}],"about":[{"href":"http:\/\/urselnendzig.at\/index.php?rest_route=\/wp\/v2\/types\/post"}],"author":[{"embeddable":true,"href":"http:\/\/urselnendzig.at\/index.php?rest_route=\/wp\/v2\/users\/1"}],"replies":[{"embeddable":true,"href":"http:\/\/urselnendzig.at\/index.php?rest_route=%2Fwp%2Fv2%2Fcomments&post=371"}],"version-history":[{"count":1,"href":"http:\/\/urselnendzig.at\/index.php?rest_route=\/wp\/v2\/posts\/371\/revisions"}],"predecessor-version":[{"id":372,"href":"http:\/\/urselnendzig.at\/index.php?rest_route=\/wp\/v2\/posts\/371\/revisions\/372"}],"wp:featuredmedia":[{"embeddable":true,"href":"http:\/\/urselnendzig.at\/index.php?rest_route=\/wp\/v2\/media\/358"}],"wp:attachment":[{"href":"http:\/\/urselnendzig.at\/index.php?rest_route=%2Fwp%2Fv2%2Fmedia&parent=371"}],"wp:term":[{"taxonomy":"category","embeddable":true,"href":"http:\/\/urselnendzig.at\/index.php?rest_route=%2Fwp%2Fv2%2Fcategories&post=371"},{"taxonomy":"post_tag","embeddable":true,"href":"http:\/\/urselnendzig.at\/index.php?rest_route=%2Fwp%2Fv2%2Ftags&post=371"}],"curies":[{"name":"wp","href":"https:\/\/api.w.org\/{rel}","templated":true}]}}