{"id":420,"date":"2019-09-23T08:22:49","date_gmt":"2019-09-23T08:22:49","guid":{"rendered":"http:\/\/urselnendzig.at\/?p=420"},"modified":"2020-09-17T12:51:36","modified_gmt":"2020-09-17T12:51:36","slug":"immer-in-bewegung","status":"publish","type":"post","link":"http:\/\/urselnendzig.at\/?p=420","title":{"rendered":"Immer in Bewegung"},"content":{"rendered":"<p>Sie ist da, juhu! Die Biografie \u00fcber die wunderbare Ren\u00e9e Schroeder, drei B\u00fccher lang Partnerin in Crime und nun Protagonistin meiner ersten selbstgeschriebenen Biografie.<\/p>\n<p>Hier sind wir mit all unseren Molek\u00fclen live und immer in Bewegung zu sehen:<\/p>\n<p>Do, 10. September 2020, 19:00<br \/>\nSeeseiten Buchandlung, Janis-Joplin-Promenade 6, 1220 Wien<\/p>\n<p><del>Do, 5. M\u00e4rz 2020, 14:00<\/del><br \/>\n<del>AMS Steiermark, Babenbergerstra\u00dfe 33, 8020 Graz<\/del><\/p>\n<p>Di, 18. Februar 2020, 19:00<br \/>\nB\u00fccherei Liesing, Breitenfurterstra\u00dfe 358, 1230 Wien<\/p>\n<p>Mo, 27. J\u00e4nner 2020 2019, 19:00<br \/>\nClub Alpha, Stubenbastei 12\/14, 2. Stock, 1010 Wien<\/p>\n<p>Sa, 23. November, 19:00<br \/>\nKatharinensaal der Pfarre Atzgersdorf,\u2028 Kirchenplatz 1, 1230 Wien<\/p>\n<p>Do, 21. November 2019, 19:00<br \/>\nBuchhandlung Morawa Leykam, Mittergasse 18, 8600 Bruck an der Mur<\/p>\n<p>Mi, 13. November 2019, 19:00<br \/>\nLiteraturstube unterm Dach, GRG Stubenbastei 6-8, 1010 Wien<\/p>\n<p>Mo, 11. November 2019, 19:00<br \/>\nBuchhandlung Thalia Linz, Landstra\u00dfe 41, 4020 Linz<\/p>\n<p>Do, 7. November 2019, 11:30<br \/>\nBuch Wien &#8211; ORF B\u00fchne, Messe Wien, Halle D<\/p>\n<p>Fr, 25. Oktober 2019, 19:00<br \/>\nSkylounge Hotel Gutjahr, Markt 187, 5541 Abtenau<\/p>\n<p>Di, 22. Oktober 2019, 19:00<br \/>\nBuchhandlung Tiempo Nuevo, Taborstra\u00dfe 17a, 1020 Wien<\/p>\n<p>Di, 1. Oktober 2019, 19:00<br \/>\nThalia Landstra\u00dfer Hauptstra\u00dfe, 1030 Wien<\/p>\n<p>Mo, 30. September 2019, 19:00<br \/>\nCaf\u00e9 Korb, 1010 Wien<\/p>\n<p>Alle Termine samt Details dazu gibt es beim <a href=\"https:\/\/www.residenzverlag.com\/buch\/renee-schroeder?_translation=dehttp:\/\/\" target=\"_blank\" rel=\"noopener noreferrer\">Residenz Verlag<\/a>.<\/p>\n","protected":false},"excerpt":{"rendered":"<p>Sie ist da, juhu! Die Biografie \u00fcber die wunderbare Ren\u00e9e Schroeder, drei B\u00fccher lang Partnerin in Crime und nun Protagonistin meiner ersten selbstgeschriebenen Biografie. Hier sind wir mit all unseren Molek\u00fclen live und immer in Bewegung zu sehen: Do, 10. September 2020, 19:00 Seeseiten Buchandlung, Janis-Joplin-Promenade 6, 1220 Wien Do, 5. M\u00e4rz 2020, 14:00 AMS [&hellip;]<\/p>\n","protected":false},"author":1,"featured_media":431,"comment_status":"closed","ping_status":"closed","sticky":false,"template":"","format":"standard","meta":{"footnotes":""},"categories":[7],"tags":[],"class_list":["post-420","post","type-post","status-publish","format-standard","has-post-thumbnail","hentry","category-erschienen"],"_links":{"self":[{"href":"http:\/\/urselnendzig.at\/index.php?rest_route=\/wp\/v2\/posts\/420","targetHints":{"allow":["GET"]}}],"collection":[{"href":"http:\/\/urselnendzig.at\/index.php?rest_route=\/wp\/v2\/posts"}],"about":[{"href":"http:\/\/urselnendzig.at\/index.php?rest_route=\/wp\/v2\/types\/post"}],"author":[{"embeddable":true,"href":"http:\/\/urselnendzig.at\/index.php?rest_route=\/wp\/v2\/users\/1"}],"replies":[{"embeddable":true,"href":"http:\/\/urselnendzig.at\/index.php?rest_route=%2Fwp%2Fv2%2Fcomments&post=420"}],"version-history":[{"count":12,"href":"http:\/\/urselnendzig.at\/index.php?rest_route=\/wp\/v2\/posts\/420\/revisions"}],"predecessor-version":[{"id":461,"href":"http:\/\/urselnendzig.at\/index.php?rest_route=\/wp\/v2\/posts\/420\/revisions\/461"}],"wp:featuredmedia":[{"embeddable":true,"href":"http:\/\/urselnendzig.at\/index.php?rest_route=\/wp\/v2\/media\/431"}],"wp:attachment":[{"href":"http:\/\/urselnendzig.at\/index.php?rest_route=%2Fwp%2Fv2%2Fmedia&parent=420"}],"wp:term":[{"taxonomy":"category","embeddable":true,"href":"http:\/\/urselnendzig.at\/index.php?rest_route=%2Fwp%2Fv2%2Fcategories&post=420"},{"taxonomy":"post_tag","embeddable":true,"href":"http:\/\/urselnendzig.at\/index.php?rest_route=%2Fwp%2Fv2%2Ftags&post=420"}],"curies":[{"name":"wp","href":"https:\/\/api.w.org\/{rel}","templated":true}]}}