{"id":464,"date":"2020-09-01T12:56:00","date_gmt":"2020-09-01T12:56:00","guid":{"rendered":"http:\/\/urselnendzig.at\/?p=464"},"modified":"2025-11-26T15:26:28","modified_gmt":"2025-11-26T15:26:28","slug":"starke-frauen","status":"publish","type":"post","link":"http:\/\/urselnendzig.at\/?p=464","title":{"rendered":"Starke Frauen"},"content":{"rendered":"\n<p>F\u00fcr die September-Nummer der <a href=\"http:\/\/www.welt-der-frauen.at\">Welt der Frauen<\/a> durfte ich ganz gro\u00dfartige Interviews f\u00fchren. Mit der bloggenden Pfarrerin Julia Schnizlein, die auch vom Cover herunterstrahlt. Mit der Babtistin Mira Ungewitter und Katharina Brandstetter, die der m\u00e4nnerdominierten katholischen Kirche mit voller Frauenpower entgegentritt.<\/p>\n\n\n\n<figure class=\"wp-block-image size-large\"><img loading=\"lazy\" decoding=\"async\" width=\"724\" height=\"483\" src=\"http:\/\/urselnendzig.at\/blog\/wp-content\/uploads\/DSC0171_i.jpg\" alt=\"\" class=\"wp-image-466\" srcset=\"http:\/\/urselnendzig.at\/blog\/wp-content\/uploads\/DSC0171_i.jpg 724w, http:\/\/urselnendzig.at\/blog\/wp-content\/uploads\/DSC0171_i-300x200.jpg 300w\" sizes=\"auto, (max-width: 724px) 100vw, 724px\" \/><\/figure>\n","protected":false},"excerpt":{"rendered":"<p>F\u00fcr die September-Nummer der Welt der Frauen durfte ich ganz gro\u00dfartige Interviews f\u00fchren. Mit der bloggenden Pfarrerin Julia Schnizlein, die auch vom Cover herunterstrahlt. Mit der Babtistin Mira Ungewitter und Katharina Brandstetter, die der m\u00e4nnerdominierten katholischen Kirche mit voller Frauenpower entgegentritt.<\/p>\n","protected":false},"author":1,"featured_media":465,"comment_status":"closed","ping_status":"closed","sticky":false,"template":"","format":"standard","meta":{"footnotes":""},"categories":[7,6],"tags":[],"class_list":["post-464","post","type-post","status-publish","format-standard","has-post-thumbnail","hentry","category-erschienen","category-extrablatt"],"_links":{"self":[{"href":"http:\/\/urselnendzig.at\/index.php?rest_route=\/wp\/v2\/posts\/464","targetHints":{"allow":["GET"]}}],"collection":[{"href":"http:\/\/urselnendzig.at\/index.php?rest_route=\/wp\/v2\/posts"}],"about":[{"href":"http:\/\/urselnendzig.at\/index.php?rest_route=\/wp\/v2\/types\/post"}],"author":[{"embeddable":true,"href":"http:\/\/urselnendzig.at\/index.php?rest_route=\/wp\/v2\/users\/1"}],"replies":[{"embeddable":true,"href":"http:\/\/urselnendzig.at\/index.php?rest_route=%2Fwp%2Fv2%2Fcomments&post=464"}],"version-history":[{"count":2,"href":"http:\/\/urselnendzig.at\/index.php?rest_route=\/wp\/v2\/posts\/464\/revisions"}],"predecessor-version":[{"id":12503,"href":"http:\/\/urselnendzig.at\/index.php?rest_route=\/wp\/v2\/posts\/464\/revisions\/12503"}],"wp:featuredmedia":[{"embeddable":true,"href":"http:\/\/urselnendzig.at\/index.php?rest_route=\/wp\/v2\/media\/465"}],"wp:attachment":[{"href":"http:\/\/urselnendzig.at\/index.php?rest_route=%2Fwp%2Fv2%2Fmedia&parent=464"}],"wp:term":[{"taxonomy":"category","embeddable":true,"href":"http:\/\/urselnendzig.at\/index.php?rest_route=%2Fwp%2Fv2%2Fcategories&post=464"},{"taxonomy":"post_tag","embeddable":true,"href":"http:\/\/urselnendzig.at\/index.php?rest_route=%2Fwp%2Fv2%2Ftags&post=464"}],"curies":[{"name":"wp","href":"https:\/\/api.w.org\/{rel}","templated":true}]}}