{"id":529,"date":"2021-07-22T10:11:00","date_gmt":"2021-07-22T10:11:00","guid":{"rendered":"http:\/\/urselnendzig.at\/?p=529"},"modified":"2025-11-26T15:25:00","modified_gmt":"2025-11-26T15:25:00","slug":"auf-der-alm-2","status":"publish","type":"post","link":"http:\/\/urselnendzig.at\/?p=529","title":{"rendered":"Auf der Alm"},"content":{"rendered":"\n<p>Das geh\u00f6rt zum Besten dazu, was mein Job zu bieten hat: \u00dcber solche Erlebnisse nicht nur zu schreiben, sondern sie dann gedruckt und f\u00fcr alle zug\u00e4nglich in einem so sch\u00f6nen Magazin wie der <a href=\"http:\/\/www.welt-der-frauen.at\" target=\"_blank\" rel=\"noreferrer noopener\">Welt der Frauen<\/a> zu sehen. Unser Abenteuer auf der Alm ist in der Juli\/August-Ausgabe nachzulesen.<\/p>\n\n\n\n<figure class=\"wp-block-image size-full\"><a href=\"http:\/\/urselnendzig.at\/blog\/wp-content\/uploads\/DSC5941_i.jpg\"><img loading=\"lazy\" decoding=\"async\" width=\"724\" height=\"483\" src=\"http:\/\/urselnendzig.at\/blog\/wp-content\/uploads\/DSC5941_i.jpg\" alt=\"\" class=\"wp-image-547\" srcset=\"http:\/\/urselnendzig.at\/blog\/wp-content\/uploads\/DSC5941_i.jpg 724w, http:\/\/urselnendzig.at\/blog\/wp-content\/uploads\/DSC5941_i-300x200.jpg 300w\" sizes=\"auto, (max-width: 724px) 100vw, 724px\" \/><\/a><\/figure>\n","protected":false},"excerpt":{"rendered":"<p>Das geh\u00f6rt zum Besten dazu, was mein Job zu bieten hat: \u00dcber solche Erlebnisse nicht nur zu schreiben, sondern sie dann gedruckt und f\u00fcr alle zug\u00e4nglich in einem so sch\u00f6nen Magazin wie der Welt der Frauen zu sehen. Unser Abenteuer auf der Alm ist in der Juli\/August-Ausgabe nachzulesen.<\/p>\n","protected":false},"author":1,"featured_media":530,"comment_status":"closed","ping_status":"closed","sticky":false,"template":"","format":"standard","meta":{"footnotes":""},"categories":[1],"tags":[],"class_list":["post-529","post","type-post","status-publish","format-standard","has-post-thumbnail","hentry","category-uncategorized"],"_links":{"self":[{"href":"http:\/\/urselnendzig.at\/index.php?rest_route=\/wp\/v2\/posts\/529","targetHints":{"allow":["GET"]}}],"collection":[{"href":"http:\/\/urselnendzig.at\/index.php?rest_route=\/wp\/v2\/posts"}],"about":[{"href":"http:\/\/urselnendzig.at\/index.php?rest_route=\/wp\/v2\/types\/post"}],"author":[{"embeddable":true,"href":"http:\/\/urselnendzig.at\/index.php?rest_route=\/wp\/v2\/users\/1"}],"replies":[{"embeddable":true,"href":"http:\/\/urselnendzig.at\/index.php?rest_route=%2Fwp%2Fv2%2Fcomments&post=529"}],"version-history":[{"count":4,"href":"http:\/\/urselnendzig.at\/index.php?rest_route=\/wp\/v2\/posts\/529\/revisions"}],"predecessor-version":[{"id":12500,"href":"http:\/\/urselnendzig.at\/index.php?rest_route=\/wp\/v2\/posts\/529\/revisions\/12500"}],"wp:featuredmedia":[{"embeddable":true,"href":"http:\/\/urselnendzig.at\/index.php?rest_route=\/wp\/v2\/media\/530"}],"wp:attachment":[{"href":"http:\/\/urselnendzig.at\/index.php?rest_route=%2Fwp%2Fv2%2Fmedia&parent=529"}],"wp:term":[{"taxonomy":"category","embeddable":true,"href":"http:\/\/urselnendzig.at\/index.php?rest_route=%2Fwp%2Fv2%2Fcategories&post=529"},{"taxonomy":"post_tag","embeddable":true,"href":"http:\/\/urselnendzig.at\/index.php?rest_route=%2Fwp%2Fv2%2Ftags&post=529"}],"curies":[{"name":"wp","href":"https:\/\/api.w.org\/{rel}","templated":true}]}}