{"id":558,"date":"2022-04-15T10:46:00","date_gmt":"2022-04-15T10:46:00","guid":{"rendered":"http:\/\/urselnendzig.at\/?p=558"},"modified":"2025-11-26T14:51:16","modified_gmt":"2025-11-26T14:51:16","slug":"nieder-mit-dem-t","status":"publish","type":"post","link":"http:\/\/urselnendzig.at\/?p=558","title":{"rendered":"Nieder mit dem T"},"content":{"rendered":"\n<p>Eines Donnersdagmorgens wachte Dagmar auf und beschloss, sich nichd l\u00e4nger der Grammadik zu underwerfen, speziell nicht der v\u00f6llig irradionalen und \u00fcberdriebenen Anwendung des T. <\/p>\n","protected":false},"excerpt":{"rendered":"<p>Eines Donnersdagmorgens wachte Dagmar auf und beschloss, sich nichd l\u00e4nger der Grammadik zu underwerfen, speziell nicht der v\u00f6llig irradionalen und \u00fcberdriebenen Anwendung des T.<\/p>\n","protected":false},"author":1,"featured_media":559,"comment_status":"closed","ping_status":"closed","sticky":false,"template":"","format":"image","meta":{"footnotes":""},"categories":[2,3],"tags":[],"class_list":["post-558","post","type-post","status-publish","format-image","has-post-thumbnail","hentry","category-einkaufszettel","category-fundstuecke","post_format-post-format-image"],"_links":{"self":[{"href":"http:\/\/urselnendzig.at\/index.php?rest_route=\/wp\/v2\/posts\/558","targetHints":{"allow":["GET"]}}],"collection":[{"href":"http:\/\/urselnendzig.at\/index.php?rest_route=\/wp\/v2\/posts"}],"about":[{"href":"http:\/\/urselnendzig.at\/index.php?rest_route=\/wp\/v2\/types\/post"}],"author":[{"embeddable":true,"href":"http:\/\/urselnendzig.at\/index.php?rest_route=\/wp\/v2\/users\/1"}],"replies":[{"embeddable":true,"href":"http:\/\/urselnendzig.at\/index.php?rest_route=%2Fwp%2Fv2%2Fcomments&post=558"}],"version-history":[{"count":2,"href":"http:\/\/urselnendzig.at\/index.php?rest_route=\/wp\/v2\/posts\/558\/revisions"}],"predecessor-version":[{"id":12484,"href":"http:\/\/urselnendzig.at\/index.php?rest_route=\/wp\/v2\/posts\/558\/revisions\/12484"}],"wp:featuredmedia":[{"embeddable":true,"href":"http:\/\/urselnendzig.at\/index.php?rest_route=\/wp\/v2\/media\/559"}],"wp:attachment":[{"href":"http:\/\/urselnendzig.at\/index.php?rest_route=%2Fwp%2Fv2%2Fmedia&parent=558"}],"wp:term":[{"taxonomy":"category","embeddable":true,"href":"http:\/\/urselnendzig.at\/index.php?rest_route=%2Fwp%2Fv2%2Fcategories&post=558"},{"taxonomy":"post_tag","embeddable":true,"href":"http:\/\/urselnendzig.at\/index.php?rest_route=%2Fwp%2Fv2%2Ftags&post=558"}],"curies":[{"name":"wp","href":"https:\/\/api.w.org\/{rel}","templated":true}]}}