{"id":604,"date":"2023-03-15T09:53:40","date_gmt":"2023-03-15T09:53:40","guid":{"rendered":"http:\/\/urselnendzig.at\/?p=604"},"modified":"2023-03-15T10:32:38","modified_gmt":"2023-03-15T10:32:38","slug":"schlaf","status":"publish","type":"post","link":"http:\/\/urselnendzig.at\/?p=604","title":{"rendered":"Schlaf"},"content":{"rendered":"\n<p>Ein Leben lang geschlafen wie ein B\u00e4r &#8211; und pl\u00f6tzlich n\u00e4chtelang schlaflos. Dieser Geschichte bin ich f\u00fcr <a href=\"http:\/\/www.welt-der-frauen.at\">Welt der Frauen <\/a>auf die Spur gegangen. Ich bin sehr froh, dass ich so ausgiebig zum Thema Schlaf recherchieren konnte. Meine Learnings: Die Gruppe der Schlaflosen ist gro\u00df. Schlafen hat viel mit Loslassenk\u00f6nnen zu tun. Jede und jeder kann wieder schlafen lernen. Medikamente sind besser als ihr Ruf, aber h\u00e4ufig nicht notwendig. Leichter tut sich mit all dem, wer Zeit, Geld und die M\u00f6glichkeit hat, seinen Lifestyle zu \u00e4ndern.<\/p>\n\n\n\n<figure class=\"wp-block-image size-full\"><a href=\"http:\/\/urselnendzig.at\/blog\/wp-content\/uploads\/DSC0255i.jpg\"><img loading=\"lazy\" decoding=\"async\" width=\"724\" height=\"483\" src=\"http:\/\/urselnendzig.at\/blog\/wp-content\/uploads\/DSC0255i.jpg\" alt=\"\" class=\"wp-image-607\" srcset=\"http:\/\/urselnendzig.at\/blog\/wp-content\/uploads\/DSC0255i.jpg 724w, http:\/\/urselnendzig.at\/blog\/wp-content\/uploads\/DSC0255i-300x200.jpg 300w\" sizes=\"auto, (max-width: 724px) 100vw, 724px\" \/><\/a><figcaption class=\"wp-element-caption\">Au\u00dferdem in der Ausgabe: die Beilage zur Aktion Familienfasttag, die sich den Themen Care-Arbeit und Care-Migration verschrieben hat. Wichtiges Thema, ungerechte Verteilung, zum Nachgr\u00fcbeln.<\/figcaption><\/figure>\n","protected":false},"excerpt":{"rendered":"<p>Ein Leben lang geschlafen wie ein B\u00e4r &#8211; und pl\u00f6tzlich n\u00e4chtelang schlaflos. Dieser Geschichte bin ich f\u00fcr Welt der Frauen auf die Spur gegangen. Ich bin sehr froh, dass ich so ausgiebig zum Thema Schlaf recherchieren konnte. Meine Learnings: Die Gruppe der Schlaflosen ist gro\u00df. Schlafen hat viel mit Loslassenk\u00f6nnen zu tun. Jede und jeder [&hellip;]<\/p>\n","protected":false},"author":1,"featured_media":605,"comment_status":"closed","ping_status":"closed","sticky":false,"template":"","format":"standard","meta":{"footnotes":""},"categories":[7,6],"tags":[],"class_list":["post-604","post","type-post","status-publish","format-standard","has-post-thumbnail","hentry","category-erschienen","category-extrablatt"],"_links":{"self":[{"href":"http:\/\/urselnendzig.at\/index.php?rest_route=\/wp\/v2\/posts\/604","targetHints":{"allow":["GET"]}}],"collection":[{"href":"http:\/\/urselnendzig.at\/index.php?rest_route=\/wp\/v2\/posts"}],"about":[{"href":"http:\/\/urselnendzig.at\/index.php?rest_route=\/wp\/v2\/types\/post"}],"author":[{"embeddable":true,"href":"http:\/\/urselnendzig.at\/index.php?rest_route=\/wp\/v2\/users\/1"}],"replies":[{"embeddable":true,"href":"http:\/\/urselnendzig.at\/index.php?rest_route=%2Fwp%2Fv2%2Fcomments&post=604"}],"version-history":[{"count":6,"href":"http:\/\/urselnendzig.at\/index.php?rest_route=\/wp\/v2\/posts\/604\/revisions"}],"predecessor-version":[{"id":626,"href":"http:\/\/urselnendzig.at\/index.php?rest_route=\/wp\/v2\/posts\/604\/revisions\/626"}],"wp:featuredmedia":[{"embeddable":true,"href":"http:\/\/urselnendzig.at\/index.php?rest_route=\/wp\/v2\/media\/605"}],"wp:attachment":[{"href":"http:\/\/urselnendzig.at\/index.php?rest_route=%2Fwp%2Fv2%2Fmedia&parent=604"}],"wp:term":[{"taxonomy":"category","embeddable":true,"href":"http:\/\/urselnendzig.at\/index.php?rest_route=%2Fwp%2Fv2%2Fcategories&post=604"},{"taxonomy":"post_tag","embeddable":true,"href":"http:\/\/urselnendzig.at\/index.php?rest_route=%2Fwp%2Fv2%2Ftags&post=604"}],"curies":[{"name":"wp","href":"https:\/\/api.w.org\/{rel}","templated":true}]}}